{"id":503,"date":"2021-07-30T16:54:00","date_gmt":"2021-07-30T14:54:00","guid":{"rendered":"http:\/\/xiscofeijoo.clientes.galiciadigital.com\/?p=503"},"modified":"2025-05-27T16:56:50","modified_gmt":"2025-05-27T14:56:50","slug":"xisco-feijoo-nunca-vin-tanta-liberdade-como-nas-aldeas","status":"publish","type":"post","link":"https:\/\/xiscofeijoo.com\/es\/xisco-feijoo-nunca-vin-tanta-liberdade-como-nas-aldeas\/","title":{"rendered":"Xisco Feijo\u00f3: \u00abNunca vin tanta liberdade como nas aldeas\u00bb"},"content":{"rendered":"<p>O\u00a0de Xisco era un segredo a voces na escena tradi galega. Respectado, cando non venerado, pola s\u00faa traxectoria como cantante, bailador e core\u00f3grafo as\u00ed como polo seu labor de recuperaci\u00f3n levado a cabo durante tres d\u00e9cadas, a expectaci\u00f3n era mai\u00fascula respecto o seu agardado primeiro traballo discogr\u00e1fico. E non defraudou. Nin polo continente, nin polo contido. <em>Peixe<\/em>, que chega nunha lata de conserva, \u00e9 un descomunal e oportuno exercicio de exaltaci\u00f3n da nosa identidade musical a partir dunha creaci\u00f3n que bebe do m\u00e1is puro e ancestral para achegar a modernidade al\u00e9n das peixeiras.<\/p>\n\n\n\n<p><a href=\"https:\/\/www.lavozdegalicia.es\/noticia\/fugas\/2021\/07\/30\/nunca-vin-tanta-liberdade-nas-aldeas\/0003_202107SF30P3991.htm\" target=\"_blank\" rel=\"noreferrer noopener\">Ler nova completa<\/a><\/p>","protected":false},"excerpt":{"rendered":"<p>O de Xisco era un segredo a voces na escena tradi galega. Respectado, cando non venerado, pola s\u00faa traxectoria como cantante, bailador e core\u00f3grafo as\u00ed como polo seu labor de recuperaci\u00f3n levado a cabo durante tres d\u00e9cadas, a expectaci\u00f3n era mai\u00fascula respecto o seu agardado primeiro traballo discogr\u00e1fico.<\/p>","protected":false},"author":1,"featured_media":504,"comment_status":"closed","ping_status":"open","sticky":false,"template":"","format":"standard","meta":{"footnotes":""},"categories":[8],"tags":[],"class_list":["post-503","post","type-post","status-publish","format-standard","has-post-thumbnail","hentry","category-lavozdegalicia-es"],"yoast_head":"<!-- This site is optimized with the Yoast SEO plugin v25.2 - https:\/\/yoast.com\/wordpress\/plugins\/seo\/ -->\n<title>Xisco Feijo\u00f3: \u00abNunca vin tanta liberdade como nas aldeas\u00bb - Xisco Feij\u00f3o<\/title>\n<meta name=\"robots\" content=\"index, follow, max-snippet:-1, max-image-preview:large, max-video-preview:-1\" \/>\n<link rel=\"canonical\" href=\"https:\/\/xiscofeijoo.com\/es\/xisco-feijoo-nunca-vin-tanta-liberdade-como-nas-aldeas\/\" \/>\n<meta property=\"og:locale\" content=\"es_ES\" \/>\n<meta property=\"og:type\" content=\"article\" \/>\n<meta property=\"og:title\" content=\"Xisco Feijo\u00f3: \u00abNunca vin tanta liberdade como nas aldeas\u00bb - Xisco Feij\u00f3o\" \/>\n<meta property=\"og:description\" content=\"O de Xisco era un segredo a voces na escena tradi galega. Respectado, cando non venerado, pola s\u00faa traxectoria como cantante, bailador e core\u00f3grafo as\u00ed como polo seu labor de recuperaci\u00f3n levado a cabo durante tres d\u00e9cadas, a expectaci\u00f3n era mai\u00fascula respecto o seu agardado primeiro traballo discogr\u00e1fico.\" \/>\n<meta property=\"og:url\" content=\"https:\/\/xiscofeijoo.com\/es\/xisco-feijoo-nunca-vin-tanta-liberdade-como-nas-aldeas\/\" \/>\n<meta property=\"og:site_name\" content=\"Xisco Feij\u00f3o\" \/>\n<meta property=\"article:published_time\" content=\"2021-07-30T14:54:00+00:00\" \/>\n<meta property=\"article:modified_time\" content=\"2025-05-27T14:56:50+00:00\" \/>\n<meta property=\"og:image\" content=\"https:\/\/xiscofeijoo.com\/wp-content\/uploads\/2025\/05\/P24L1001.webp\" \/>\n\t<meta property=\"og:image:width\" content=\"768\" \/>\n\t<meta property=\"og:image:height\" content=\"431\" \/>\n\t<meta property=\"og:image:type\" content=\"image\/webp\" \/>\n<meta name=\"author\" content=\"admingd\" \/>\n<meta name=\"twitter:card\" content=\"summary_large_image\" \/>\n<script type=\"application\/ld+json\" class=\"yoast-schema-graph\">{\"@context\":\"https:\/\/schema.org\",\"@graph\":[{\"@type\":\"Article\",\"@id\":\"https:\/\/xiscofeijoo.com\/xisco-feijoo-nunca-vin-tanta-liberdade-como-nas-aldeas\/#article\",\"isPartOf\":{\"@id\":\"https:\/\/xiscofeijoo.com\/xisco-feijoo-nunca-vin-tanta-liberdade-como-nas-aldeas\/\"},\"author\":{\"name\":\"admingd\",\"@id\":\"http:\/\/xiscofeijoo.com\/#\/schema\/person\/0c67e65e18193aa3bea67682f35780fb\"},\"headline\":\"Xisco Feijo\u00f3: \u00abNunca vin tanta liberdade como nas aldeas\u00bb\",\"datePublished\":\"2021-07-30T14:54:00+00:00\",\"dateModified\":\"2025-05-27T14:56:50+00:00\",\"mainEntityOfPage\":{\"@id\":\"https:\/\/xiscofeijoo.com\/xisco-feijoo-nunca-vin-tanta-liberdade-como-nas-aldeas\/\"},\"wordCount\":116,\"publisher\":{\"@id\":\"http:\/\/xiscofeijoo.com\/#organization\"},\"image\":{\"@id\":\"https:\/\/xiscofeijoo.com\/xisco-feijoo-nunca-vin-tanta-liberdade-como-nas-aldeas\/#primaryimage\"},\"thumbnailUrl\":\"https:\/\/xiscofeijoo.com\/wp-content\/uploads\/2025\/05\/P24L1001.webp\",\"articleSection\":[\"lavozdegalicia.es\"],\"inLanguage\":\"es\"},{\"@type\":\"WebPage\",\"@id\":\"https:\/\/xiscofeijoo.com\/xisco-feijoo-nunca-vin-tanta-liberdade-como-nas-aldeas\/\",\"url\":\"https:\/\/xiscofeijoo.com\/xisco-feijoo-nunca-vin-tanta-liberdade-como-nas-aldeas\/\",\"name\":\"Xisco Feijo\u00f3: \u00abNunca vin tanta liberdade como nas aldeas\u00bb - Xisco Feij\u00f3o\",\"isPartOf\":{\"@id\":\"http:\/\/xiscofeijoo.com\/#website\"},\"primaryImageOfPage\":{\"@id\":\"https:\/\/xiscofeijoo.com\/xisco-feijoo-nunca-vin-tanta-liberdade-como-nas-aldeas\/#primaryimage\"},\"image\":{\"@id\":\"https:\/\/xiscofeijoo.com\/xisco-feijoo-nunca-vin-tanta-liberdade-como-nas-aldeas\/#primaryimage\"},\"thumbnailUrl\":\"https:\/\/xiscofeijoo.com\/wp-content\/uploads\/2025\/05\/P24L1001.webp\",\"datePublished\":\"2021-07-30T14:54:00+00:00\",\"dateModified\":\"2025-05-27T14:56:50+00:00\",\"breadcrumb\":{\"@id\":\"https:\/\/xiscofeijoo.com\/xisco-feijoo-nunca-vin-tanta-liberdade-como-nas-aldeas\/#breadcrumb\"},\"inLanguage\":\"es\",\"potentialAction\":[{\"@type\":\"ReadAction\",\"target\":[\"https:\/\/xiscofeijoo.com\/xisco-feijoo-nunca-vin-tanta-liberdade-como-nas-aldeas\/\"]}]},{\"@type\":\"ImageObject\",\"inLanguage\":\"es\",\"@id\":\"https:\/\/xiscofeijoo.com\/xisco-feijoo-nunca-vin-tanta-liberdade-como-nas-aldeas\/#primaryimage\",\"url\":\"https:\/\/xiscofeijoo.com\/wp-content\/uploads\/2025\/05\/P24L1001.webp\",\"contentUrl\":\"https:\/\/xiscofeijoo.com\/wp-content\/uploads\/2025\/05\/P24L1001.webp\",\"width\":768,\"height\":431},{\"@type\":\"BreadcrumbList\",\"@id\":\"https:\/\/xiscofeijoo.com\/xisco-feijoo-nunca-vin-tanta-liberdade-como-nas-aldeas\/#breadcrumb\",\"itemListElement\":[{\"@type\":\"ListItem\",\"position\":1,\"name\":\"Portada\",\"item\":\"http:\/\/xiscofeijoo.com\/\"},{\"@type\":\"ListItem\",\"position\":2,\"name\":\"Xisco Feijo\u00f3: \u00abNunca vin tanta liberdade como nas aldeas\u00bb\"}]},{\"@type\":\"WebSite\",\"@id\":\"http:\/\/xiscofeijoo.com\/#website\",\"url\":\"http:\/\/xiscofeijoo.com\/\",\"name\":\"Xisco Feij\u00f3o\",\"description\":\"\",\"publisher\":{\"@id\":\"http:\/\/xiscofeijoo.com\/#organization\"},\"potentialAction\":[{\"@type\":\"SearchAction\",\"target\":{\"@type\":\"EntryPoint\",\"urlTemplate\":\"http:\/\/xiscofeijoo.com\/?s={search_term_string}\"},\"query-input\":{\"@type\":\"PropertyValueSpecification\",\"valueRequired\":true,\"valueName\":\"search_term_string\"}}],\"inLanguage\":\"es\"},{\"@type\":\"Organization\",\"@id\":\"http:\/\/xiscofeijoo.com\/#organization\",\"name\":\"Xisco Feij\u00f3o\",\"url\":\"http:\/\/xiscofeijoo.com\/\",\"logo\":{\"@type\":\"ImageObject\",\"inLanguage\":\"es\",\"@id\":\"http:\/\/xiscofeijoo.com\/#\/schema\/logo\/image\/\",\"url\":\"http:\/\/xiscofeijoo.com\/wp-content\/uploads\/2025\/05\/logo.png\",\"contentUrl\":\"http:\/\/xiscofeijoo.com\/wp-content\/uploads\/2025\/05\/logo.png\",\"width\":253,\"height\":130,\"caption\":\"Xisco Feij\u00f3o\"},\"image\":{\"@id\":\"http:\/\/xiscofeijoo.com\/#\/schema\/logo\/image\/\"},\"sameAs\":[\"https:\/\/www.instagram.com\/xisco.feijoo\/\",\"https:\/\/www.youtube.com\/channel\/UCIiSVRqxjdbXT5rrGwD8QLQ\"]},{\"@type\":\"Person\",\"@id\":\"http:\/\/xiscofeijoo.com\/#\/schema\/person\/0c67e65e18193aa3bea67682f35780fb\",\"name\":\"admingd\",\"image\":{\"@type\":\"ImageObject\",\"inLanguage\":\"es\",\"@id\":\"http:\/\/xiscofeijoo.com\/#\/schema\/person\/image\/\",\"url\":\"https:\/\/secure.gravatar.com\/avatar\/6e3d6ddc1181cf4388715dbb3875374e1046f2c978ce1446f04072261a122e22?s=96&d=mm&r=g\",\"contentUrl\":\"https:\/\/secure.gravatar.com\/avatar\/6e3d6ddc1181cf4388715dbb3875374e1046f2c978ce1446f04072261a122e22?s=96&d=mm&r=g\",\"caption\":\"admingd\"},\"sameAs\":[\"http:\/\/xiscofeijoo.com\"],\"url\":\"https:\/\/xiscofeijoo.com\/es\/author\/admingd\/\"}]}<\/script>\n<!-- \/ Yoast SEO plugin. -->","yoast_head_json":{"title":"Xisco Feijo\u00f3: \u00abNunca vin tanta liberdade como nas aldeas\u00bb - Xisco Feij\u00f3o","robots":{"index":"index","follow":"follow","max-snippet":"max-snippet:-1","max-image-preview":"max-image-preview:large","max-video-preview":"max-video-preview:-1"},"canonical":"https:\/\/xiscofeijoo.com\/es\/xisco-feijoo-nunca-vin-tanta-liberdade-como-nas-aldeas\/","og_locale":"es_ES","og_type":"article","og_title":"Xisco Feijo\u00f3: \u00abNunca vin tanta liberdade como nas aldeas\u00bb - Xisco Feij\u00f3o","og_description":"O de Xisco era un segredo a voces na escena tradi galega. Respectado, cando non venerado, pola s\u00faa traxectoria como cantante, bailador e core\u00f3grafo as\u00ed como polo seu labor de recuperaci\u00f3n levado a cabo durante tres d\u00e9cadas, a expectaci\u00f3n era mai\u00fascula respecto o seu agardado primeiro traballo discogr\u00e1fico.","og_url":"https:\/\/xiscofeijoo.com\/es\/xisco-feijoo-nunca-vin-tanta-liberdade-como-nas-aldeas\/","og_site_name":"Xisco Feij\u00f3o","article_published_time":"2021-07-30T14:54:00+00:00","article_modified_time":"2025-05-27T14:56:50+00:00","og_image":[{"width":768,"height":431,"url":"https:\/\/xiscofeijoo.com\/wp-content\/uploads\/2025\/05\/P24L1001.webp","type":"image\/webp"}],"author":"admingd","twitter_card":"summary_large_image","schema":{"@context":"https:\/\/schema.org","@graph":[{"@type":"Article","@id":"https:\/\/xiscofeijoo.com\/xisco-feijoo-nunca-vin-tanta-liberdade-como-nas-aldeas\/#article","isPartOf":{"@id":"https:\/\/xiscofeijoo.com\/xisco-feijoo-nunca-vin-tanta-liberdade-como-nas-aldeas\/"},"author":{"name":"admingd","@id":"http:\/\/xiscofeijoo.com\/#\/schema\/person\/0c67e65e18193aa3bea67682f35780fb"},"headline":"Xisco Feijo\u00f3: \u00abNunca vin tanta liberdade como nas aldeas\u00bb","datePublished":"2021-07-30T14:54:00+00:00","dateModified":"2025-05-27T14:56:50+00:00","mainEntityOfPage":{"@id":"https:\/\/xiscofeijoo.com\/xisco-feijoo-nunca-vin-tanta-liberdade-como-nas-aldeas\/"},"wordCount":116,"publisher":{"@id":"http:\/\/xiscofeijoo.com\/#organization"},"image":{"@id":"https:\/\/xiscofeijoo.com\/xisco-feijoo-nunca-vin-tanta-liberdade-como-nas-aldeas\/#primaryimage"},"thumbnailUrl":"https:\/\/xiscofeijoo.com\/wp-content\/uploads\/2025\/05\/P24L1001.webp","articleSection":["lavozdegalicia.es"],"inLanguage":"es"},{"@type":"WebPage","@id":"https:\/\/xiscofeijoo.com\/xisco-feijoo-nunca-vin-tanta-liberdade-como-nas-aldeas\/","url":"https:\/\/xiscofeijoo.com\/xisco-feijoo-nunca-vin-tanta-liberdade-como-nas-aldeas\/","name":"Xisco Feijo\u00f3: \u00abNunca vin tanta liberdade como nas aldeas\u00bb - Xisco Feij\u00f3o","isPartOf":{"@id":"http:\/\/xiscofeijoo.com\/#website"},"primaryImageOfPage":{"@id":"https:\/\/xiscofeijoo.com\/xisco-feijoo-nunca-vin-tanta-liberdade-como-nas-aldeas\/#primaryimage"},"image":{"@id":"https:\/\/xiscofeijoo.com\/xisco-feijoo-nunca-vin-tanta-liberdade-como-nas-aldeas\/#primaryimage"},"thumbnailUrl":"https:\/\/xiscofeijoo.com\/wp-content\/uploads\/2025\/05\/P24L1001.webp","datePublished":"2021-07-30T14:54:00+00:00","dateModified":"2025-05-27T14:56:50+00:00","breadcrumb":{"@id":"https:\/\/xiscofeijoo.com\/xisco-feijoo-nunca-vin-tanta-liberdade-como-nas-aldeas\/#breadcrumb"},"inLanguage":"es","potentialAction":[{"@type":"ReadAction","target":["https:\/\/xiscofeijoo.com\/xisco-feijoo-nunca-vin-tanta-liberdade-como-nas-aldeas\/"]}]},{"@type":"ImageObject","inLanguage":"es","@id":"https:\/\/xiscofeijoo.com\/xisco-feijoo-nunca-vin-tanta-liberdade-como-nas-aldeas\/#primaryimage","url":"https:\/\/xiscofeijoo.com\/wp-content\/uploads\/2025\/05\/P24L1001.webp","contentUrl":"https:\/\/xiscofeijoo.com\/wp-content\/uploads\/2025\/05\/P24L1001.webp","width":768,"height":431},{"@type":"BreadcrumbList","@id":"https:\/\/xiscofeijoo.com\/xisco-feijoo-nunca-vin-tanta-liberdade-como-nas-aldeas\/#breadcrumb","itemListElement":[{"@type":"ListItem","position":1,"name":"Portada","item":"http:\/\/xiscofeijoo.com\/"},{"@type":"ListItem","position":2,"name":"Xisco Feijo\u00f3: \u00abNunca vin tanta liberdade como nas aldeas\u00bb"}]},{"@type":"WebSite","@id":"http:\/\/xiscofeijoo.com\/#website","url":"http:\/\/xiscofeijoo.com\/","name":"Xisco Feij\u00f3o","description":"","publisher":{"@id":"http:\/\/xiscofeijoo.com\/#organization"},"potentialAction":[{"@type":"SearchAction","target":{"@type":"EntryPoint","urlTemplate":"http:\/\/xiscofeijoo.com\/?s={search_term_string}"},"query-input":{"@type":"PropertyValueSpecification","valueRequired":true,"valueName":"search_term_string"}}],"inLanguage":"es"},{"@type":"Organization","@id":"http:\/\/xiscofeijoo.com\/#organization","name":"Xisco Feij\u00f3o","url":"http:\/\/xiscofeijoo.com\/","logo":{"@type":"ImageObject","inLanguage":"es","@id":"http:\/\/xiscofeijoo.com\/#\/schema\/logo\/image\/","url":"http:\/\/xiscofeijoo.com\/wp-content\/uploads\/2025\/05\/logo.png","contentUrl":"http:\/\/xiscofeijoo.com\/wp-content\/uploads\/2025\/05\/logo.png","width":253,"height":130,"caption":"Xisco Feij\u00f3o"},"image":{"@id":"http:\/\/xiscofeijoo.com\/#\/schema\/logo\/image\/"},"sameAs":["https:\/\/www.instagram.com\/xisco.feijoo\/","https:\/\/www.youtube.com\/channel\/UCIiSVRqxjdbXT5rrGwD8QLQ"]},{"@type":"Person","@id":"http:\/\/xiscofeijoo.com\/#\/schema\/person\/0c67e65e18193aa3bea67682f35780fb","name":"admingd","image":{"@type":"ImageObject","inLanguage":"es","@id":"http:\/\/xiscofeijoo.com\/#\/schema\/person\/image\/","url":"https:\/\/secure.gravatar.com\/avatar\/6e3d6ddc1181cf4388715dbb3875374e1046f2c978ce1446f04072261a122e22?s=96&d=mm&r=g","contentUrl":"https:\/\/secure.gravatar.com\/avatar\/6e3d6ddc1181cf4388715dbb3875374e1046f2c978ce1446f04072261a122e22?s=96&d=mm&r=g","caption":"admingd"},"sameAs":["http:\/\/xiscofeijoo.com"],"url":"https:\/\/xiscofeijoo.com\/es\/author\/admingd\/"}]}},"_links":{"self":[{"href":"https:\/\/xiscofeijoo.com\/es\/wp-json\/wp\/v2\/posts\/503","targetHints":{"allow":["GET"]}}],"collection":[{"href":"https:\/\/xiscofeijoo.com\/es\/wp-json\/wp\/v2\/posts"}],"about":[{"href":"https:\/\/xiscofeijoo.com\/es\/wp-json\/wp\/v2\/types\/post"}],"author":[{"embeddable":true,"href":"https:\/\/xiscofeijoo.com\/es\/wp-json\/wp\/v2\/users\/1"}],"replies":[{"embeddable":true,"href":"https:\/\/xiscofeijoo.com\/es\/wp-json\/wp\/v2\/comments?post=503"}],"version-history":[{"count":1,"href":"https:\/\/xiscofeijoo.com\/es\/wp-json\/wp\/v2\/posts\/503\/revisions"}],"predecessor-version":[{"id":505,"href":"https:\/\/xiscofeijoo.com\/es\/wp-json\/wp\/v2\/posts\/503\/revisions\/505"}],"wp:featuredmedia":[{"embeddable":true,"href":"https:\/\/xiscofeijoo.com\/es\/wp-json\/wp\/v2\/media\/504"}],"wp:attachment":[{"href":"https:\/\/xiscofeijoo.com\/es\/wp-json\/wp\/v2\/media?parent=503"}],"wp:term":[{"taxonomy":"category","embeddable":true,"href":"https:\/\/xiscofeijoo.com\/es\/wp-json\/wp\/v2\/categories?post=503"},{"taxonomy":"post_tag","embeddable":true,"href":"https:\/\/xiscofeijoo.com\/es\/wp-json\/wp\/v2\/tags?post=503"}],"curies":[{"name":"wp","href":"https:\/\/api.w.org\/{rel}","templated":true}]}}